{"id":2886,"date":"2019-10-01T06:25:45","date_gmt":"2019-10-01T05:25:45","guid":{"rendered":"https:\/\/www.joeheaney.org\/ga\/?p=2886"},"modified":"2021-03-23T16:52:27","modified_gmt":"2021-03-23T16:52:27","slug":"caoineadh-na-dtri-muire-muintir-joe-einniu","status":"publish","type":"post","link":"https:\/\/www.joeheaney.org\/ga\/caoineadh-na-dtri-muire-muintir-joe-einniu\/","title":{"rendered":"Caoineadh na dTr\u00ed Muire (Muintir Joe \u00c9inni\u00fa)"},"content":{"rendered":"<h2 class=\"wp-block-heading\" id=\"t:seinnteoirin1\">Play recording: Caoineadh na dTr\u00ed Muire (Muintir Joe \u00c9inni\u00fa)<\/h2>\n\n\n<div style=\"width: 580px;\" class=\"wp-video\"><video class=\"wp-video-shortcode\" id=\"video-2886-1\" width=\"580\" height=\"326\" preload=\"metadata\" controls=\"controls\"><source type=\"video\/mp4\" src=\"https:\/\/www.joeheaney.org\/00-micil\/me\u00e1in\/caoineadh-na-dtri-muire-muintir-joe-einniu.mp4?_=1\" \/><source type=\"video\/webm\" src=\"https:\/\/www.joeheaney.org\/00-micil\/me\u00e1in\/caoineadh-na-dtri-muire-muintir-joe-einniu.webm?_=1\" \/><a href=\"https:\/\/www.joeheaney.org\/00-micil\/me\u00e1in\/caoineadh-na-dtri-muire-muintir-joe-einniu.mp4\">https:\/\/www.joeheaney.org\/00-micil\/me\u00e1in\/caoineadh-na-dtri-muire-muintir-joe-einniu.mp4<\/a><\/video><\/div>\n\n\n\n<div class=\"dmeite\"><span id=\"neasc-nocht-ceilth\" class=\"nmeite\">view \/ hide recording details [+\/-]<\/span>\n<p>&nbsp;<\/p>\n<ul id=\"clarMeiteashonrai\" class=\"meiteashonrai\">\n<li><span class=\"lipead-meiteashonrai\">Teideal <span class=\"lipead-meiteashonrai-bearla\">(Title)<\/span>:<\/span> Caoineadh na dTr\u00ed Muire (Muintir Joe \u00c9inniu).<\/li>\n<li><span class=\"lipead-meiteashonrai\">Uimhir Chatal\u00f3ige Ollscoil Washington <span class=\"lipead-meiteashonrai-bearla\">(University of Washington Catalogue Number)<\/span>:<\/span> none.<\/li>\n<li><span class=\"lipead-meiteashonrai\">Uimhir Chnuasach Bh\u00e9aloideas \u00c9ireann <span class=\"lipead-meiteashonrai-bearla\">(National Folklore of Ireland Number)<\/span>:<\/span> none.<\/li>\n<li><span class=\"lipead-meiteashonrai\">Uimhir Roud <span class=\"lipead-meiteashonrai-bearla\">(Roud Number)<\/span>:<\/span> none.<\/li>\n<li><span class=\"lipead-meiteashonrai\">Uimhir Laws <span class=\"lipead-meiteashonrai-bearla\">(Laws Number)<\/span>:<\/span> none.<\/li>\n<li><span class=\"lipead-meiteashonrai\">Uimhir Child <span class=\"lipead-meiteashonrai-bearla\">(Child Number)<\/span>:<\/span> none.<\/li>\n<li><span class=\"lipead-meiteashonrai\">Cnuasach <span class=\"lipead-meiteashonrai-bearla\">(Collection)<\/span>:<\/span> none.<\/li>\n<li><span class=\"lipead-meiteashonrai\">Teanga na Cro\u00edmh\u00edre <span class=\"lipead-meiteashonrai-bearla\">(Core-Item Language)<\/span>:<\/span> Irish.<\/li>\n<li><span class=\"lipead-meiteashonrai\">Catag\u00f3ir <span class=\"lipead-meiteashonrai-bearla\">(Category)<\/span>:<\/span> song.<\/li>\n<li><span class=\"lipead-meiteashonrai\">Ainm an t\u00e9 a thug <span class=\"lipead-meiteashonrai-bearla\">(Name of Informant)<\/span>:<\/span> Br\u00edd N\u00ed&nbsp;Mhaoilchiar\u00e1in, Stephen Breathnach, Bairbre \u00c9inni\u00fa U\u00ed&nbsp;Mhaoilchiar\u00e1in, Ciar\u00e1n Mac&nbsp;Craith and M\u00e1ire Mhic&nbsp;Craith.<\/li>\n<li><span class=\"lipead-meiteashonrai\">Ainm an t\u00e9 a th\u00f3g <span class=\"lipead-meiteashonrai-bearla\">(Name of Collector)<\/span>:<\/span> M\u00ed\u010be\u00e1l \u00d3&nbsp;Lo\u010blainn, Se\u00e1n Breathnach.<\/li>\n<li><span class=\"lipead-meiteashonrai\">D\u00e1ta an taifeadta <span class=\"lipead-meiteashonrai-bearla\">(Recording Date)<\/span>:<\/span> 26th August 2019.<\/li>\n<li><span class=\"lipead-meiteashonrai\">Su\u00edomh an taifeadta <span class=\"lipead-meiteashonrai-bearla\">(Recording Location)<\/span>:<\/span> \u00c1ras Shorcha N\u00ed&nbsp;Ghuairim, Rois\u00edn na Maithneach, Contae na Gaillimhe, \u00c9ire.<\/li>\n<li><span class=\"lipead-meiteashonrai\">Oc\u00e1id an taifeadta <span class=\"lipead-meiteashonrai-bearla\">(Recording Occasion)<\/span>:<\/span> private recording.<\/li>\n<li><span class=\"lipead-meiteashonrai\">Daoine eile a bh\u00ed i l\u00e1thair <span class=\"lipead-meiteashonrai-bearla\">(Others present)<\/span>:<\/span> none.<\/li>\n<li><span class=\"lipead-meiteashonrai\">Eagarth\u00f3ireacht <span class=\"lipead-meiteashonrai-bearla\">(Editing)<\/span>:<\/span> Se\u00e1n Breathnach.<\/li>\n<li><span class=\"lipead-meiteashonrai\">Athch\u00f3iri\u00fa digiteach fuaime <span class=\"lipead-meiteashonrai-bearla\">(Digital audio restoration)<\/span>:<\/span> Fionn \u00d3&nbsp;Sealbhaigh.<\/li>\n<li><span class=\"lipead-meiteashonrai\">St\u00e1das ch\u00f3ipcheart an taifeadta <span class=\"lipead-meiteashonrai-bearla\">(Recording copyright status)<\/span>:<\/span> Ollscoil na h\u00c9ireann, Gaillimh.<\/li>\n<\/ul>\n<\/div>\n\n\n\n<figure class=\"wp-block-image\"><img decoding=\"async\" src=\"https:\/\/www.joeheaney.org\/00-micil\/mbm\/\u00e9inni\u00fa-d\u00e1ta\u00ed-1919-2019-ga.jpg\" alt=\"Graphic describing the timeline of new additions to the Cartlanna during 2019 \u2014 the centenary of Joe\u2019s birth.\"\/><\/figure>\n\n\n\n<div class=\"n\u00f3ta\u00ed-bun-leathanaigh\">\n<h2 id=\"t:notai\">Notes<\/h2>\n<p class=\"ainm-\u00fadair\">By M\u00ed\u010be\u00e1l \u00d3&nbsp;Lo\u010blainn<\/p>\n<h3>Joe Heaney one hundred years on and the Irish singing tradition in Carna<\/h3>\n<p>This item is one of two (the other being <a href=\"https:\/\/www.joeheaney.org\/ga\/connla-muintir-joe-einniu\/\">this recording of <cite class=\"amhr\u00e1n\">Connla<\/cite><\/a>) which were added to the Cartlanna on 1st October 2019; one hundred years to the day after Joe \u00c9inni\u00fa\u2019s birth.<\/p>\n<p>To celebrate this unique occasion, we felt it important to look forward rather than back and to focus on the present-day vitality of the native tradition from which Joe emerged. In particular, we wanted to show that this tradition is still very much alive and is being transmitted to, and embraced by, young people in Carna and Iorras Aithneach. Joe\u2019s family were very supportive and agreed to contribute songs to two new video recordings. These were then combined with archival footage of Joe himself to illustrate a continuity that currently spans four generations.<\/p>\n<h3>Joe Heaney and the <i>caointe<\/i><\/h3>\n<p>In an interview with Joe in 1978, <a href=\"https:\/\/en.wikipedia.org\/wiki\/Esther_Warkov\">Esther Warkov<\/a> asked him which songs he thought he sung best. He was adamant that these were the <i class=\"cor-cainte-teangan-eile\">caointe<\/i> \u2014 the laments \u2014 and named <a href=\"https:\/\/www.joeheaney.org\/ga\/amhran-na-paise\/\"><cite class=\"amhr\u00e1n\">Amhr\u00e1n na P\u00e1ise<\/cite><\/a> (traditionally only sung during Holy Week) and <cite class=\"amhr\u00e1n\">Caoineadh na dTr\u00ed Muire<\/cite> (traditionally sung on Good Friday and on each Friday during Lent) especially.<\/p>\n<p>So it wasn\u2019t a bit surprising that <cite class=\"amhr\u00e1n\">Caoineadh na dTr\u00ed Muire<\/cite> was one of the two songs chosen by his family for these new recordings. This powerful lament is sung beautifully here by, from left to right, Br\u00edd N\u00ed&nbsp;Mhaoilchiar\u00e1in, Stephen Breathnach, Bairbre \u00c9inni\u00fa U\u00ed&nbsp;Mhaoilchiar\u00e1in, Ciar\u00e1n Mac&nbsp;Craith and M\u00e1ire Mhic&nbsp;Craith.<\/p>\n<h3>Other recordings of <i>caointe<\/i> in the Cartlanna<\/h3>\n<p>For recodings of Joe himself singing <cite class=\"amhr\u00e1n\">Caoineadh na dTr\u00ed Muire<\/cite> see:<\/p>\n<dl class=\"liosta-tagartha-1\">\n<dt><a href=\"https:\/\/www.joeheaney.org\/ga\/caoineadh-na-dtri-muire-1\/\"><cite class=\"amhr\u00e1n\">Caoineadh na dTr\u00ed Muire (1)<\/cite><\/a><\/dt>\n<dd>Audio recording made by Esther Warkov in March 1978.<\/dd>\n<dt><a href=\"https:\/\/www.joeheaney.org\/ga\/caoineadh-na-dtri-muire-2\/\"><cite class=\"amhr\u00e1n\">Caoineadh na dTr\u00ed Muire (2)<\/cite><\/a><\/dt>\n<dd>Video recording made by <a href=\"https:\/\/en.wikipedia.org\/wiki\/Fredric_Lieberman\">Fredric Lieberman<\/a> in August 1978.<\/dd>\n<\/dl>\n<p>Readers may also be interested in:<\/p>\n<dl class=\"liosta-tagartha-1\">\n<dt><a href=\"https:\/\/www.joeheaney.org\/ga\/part-of-a-caoineadh-in-the-conamara-tradition\/\"><cite class=\"amhr\u00e1n\">Part of a Caoineadh in the Conamara Tradition<\/cite><\/a><\/dt>\n<dd>Audio recording made by <a href=\"http:\/\/liamclancy.com\/\">Liam Clancy<\/a>. Date unknown.<\/dd>\n<\/dl>\n<h3>Thanks<\/h3>\n<p>Thanks and credit are due to Se\u00e1n Breathnach and Fionn \u00d3&nbsp;Sealbhaigh of <a href=\"http:\/\/www.acadamh.ie\/\">Acadamh na hOllscola\u00edochta Gaeilge<\/a>. Both were very generous with their time and skill: Se\u00e1n behind the camera and in the editing suite and Fionn on the sound desk, where he delivered a superlative audio restoration.<\/p>\n<p>And of course, very special thanks are due to Joe\u2019s family.<\/p>\n<p><i>Go bhf\u00e1ga Dia \u2019n tsl\u00e1inte agaibh!<\/i><\/p>\n<\/div>","protected":false},"excerpt":{"rendered":"","protected":false},"author":1,"featured_media":0,"comment_status":"closed","ping_status":"open","sticky":false,"template":"templates\/template-full-width.php","format":"standard","meta":{"footnotes":""},"categories":[15,17],"tags":[],"class_list":["post-2886","post","type-post","status-publish","format-standard","hentry","category-daoine-eile","category-daoine-eile-amhrain"],"_links":{"self":[{"href":"https:\/\/www.joeheaney.org\/ga\/wp-json\/wp\/v2\/posts\/2886","targetHints":{"allow":["GET"]}}],"collection":[{"href":"https:\/\/www.joeheaney.org\/ga\/wp-json\/wp\/v2\/posts"}],"about":[{"href":"https:\/\/www.joeheaney.org\/ga\/wp-json\/wp\/v2\/types\/post"}],"author":[{"embeddable":true,"href":"https:\/\/www.joeheaney.org\/ga\/wp-json\/wp\/v2\/users\/1"}],"replies":[{"embeddable":true,"href":"https:\/\/www.joeheaney.org\/ga\/wp-json\/wp\/v2\/comments?post=2886"}],"version-history":[{"count":10,"href":"https:\/\/www.joeheaney.org\/ga\/wp-json\/wp\/v2\/posts\/2886\/revisions"}],"predecessor-version":[{"id":3411,"href":"https:\/\/www.joeheaney.org\/ga\/wp-json\/wp\/v2\/posts\/2886\/revisions\/3411"}],"wp:attachment":[{"href":"https:\/\/www.joeheaney.org\/ga\/wp-json\/wp\/v2\/media?parent=2886"}],"wp:term":[{"taxonomy":"category","embeddable":true,"href":"https:\/\/www.joeheaney.org\/ga\/wp-json\/wp\/v2\/categories?post=2886"},{"taxonomy":"post_tag","embeddable":true,"href":"https:\/\/www.joeheaney.org\/ga\/wp-json\/wp\/v2\/tags?post=2886"}],"curies":[{"name":"wp","href":"https:\/\/api.w.org\/{rel}","templated":true}]}}